{"id":8177,"date":"2023-02-10T15:40:15","date_gmt":"2023-02-10T14:40:15","guid":{"rendered":"https:\/\/ravageautomobile.com\/?p=8177"},"modified":"2023-02-10T15:40:50","modified_gmt":"2023-02-10T14:40:50","slug":"trophees-de-largus-2023","status":"publish","type":"post","link":"https:\/\/ravageautomobile.com\/fr\/trophees-de-largus-2023\/","title":{"rendered":"Troph\u00e9es de L\u2019argus 2023"},"content":{"rendered":"<h1 class=\"wp-block-heading\">Troph\u00e9es de L\u2019argus 2023. Qui recevra le Prix sp\u00e9cial du jury ?<\/h1>\n\n\n\n<p class=\"wp-block-paragraph\"><\/p>\n\n\n\n<p class=\"has-text-align-right wp-block-paragraph\"><a href=\"https:\/\/www.largus.fr\/actualite-automobile\/trophees-de-l-argus-2023-qui-recevra-le-prix-special-du-jury-30024976.html\" data-type=\"URL\" data-id=\"https:\/\/www.largus.fr\/actualite-automobile\/trophees-de-l-argus-2023-qui-recevra-le-prix-special-du-jury-30024976.html\" target=\"_blank\" rel=\"noreferrer noopener\">Publi\u00e9 par L&#8217;ARGUS <strong>Publi\u00e9 le<\/strong><em>\u00a0<\/em>09\/02\/2023\u00a0<\/a><\/p>\n\n\n\n<p class=\"wp-block-paragraph\">Apr\u00e8s avoir r\u00e9compens\u00e9 les v\u00e9hicules particuliers et utilitaires, nos jur\u00e9s voteront pour leur coup de c\u0153ur de l\u2019ann\u00e9e parmi treize sp\u00e9cimens. Concept-cars, mod\u00e8les artisanaux ou recarross\u00e9s, le choix est aussi vaste qu&#8217;all\u00e9chant et s\u2019annonce particuli\u00e8rement ardu\u2026<\/p>\n\n\n\n<figure class=\"wp-block-image size-full\"><img loading=\"lazy\" decoding=\"async\" width=\"1060\" height=\"706\" data-attachment-id=\"8180\" data-permalink=\"https:\/\/ravageautomobile.com\/fr\/trophees-de-largus-2023\/trophes-argus-2023-prix-special-jury\/\" data-orig-file=\"https:\/\/ravageautomobile.com\/wp-content\/uploads\/2023\/02\/Trophes-Argus-2023-Prix-special-jury.jpg\" data-orig-size=\"1060,706\" data-comments-opened=\"0\" data-image-meta=\"{&quot;aperture&quot;:&quot;0&quot;,&quot;credit&quot;:&quot;&quot;,&quot;camera&quot;:&quot;&quot;,&quot;caption&quot;:&quot;&quot;,&quot;created_timestamp&quot;:&quot;0&quot;,&quot;copyright&quot;:&quot;&quot;,&quot;focal_length&quot;:&quot;0&quot;,&quot;iso&quot;:&quot;0&quot;,&quot;shutter_speed&quot;:&quot;0&quot;,&quot;title&quot;:&quot;&quot;,&quot;orientation&quot;:&quot;0&quot;}\" data-image-title=\"Trophes-Argus-2023-Prix-special-jury\" data-image-description=\"\" data-image-caption=\"\" data-large-file=\"https:\/\/ravageautomobile.com\/wp-content\/uploads\/2023\/02\/Trophes-Argus-2023-Prix-special-jury.jpg\" src=\"https:\/\/ravageautomobile.com\/wp-content\/uploads\/2023\/02\/Trophes-Argus-2023-Prix-special-jury.jpg\" alt=\"\" class=\"wp-image-8180\" srcset=\"https:\/\/ravageautomobile.com\/wp-content\/uploads\/2023\/02\/Trophes-Argus-2023-Prix-special-jury.jpg 1060w, https:\/\/ravageautomobile.com\/wp-content\/uploads\/2023\/02\/Trophes-Argus-2023-Prix-special-jury-800x533.jpg 800w, https:\/\/ravageautomobile.com\/wp-content\/uploads\/2023\/02\/Trophes-Argus-2023-Prix-special-jury-150x100.jpg 150w, https:\/\/ravageautomobile.com\/wp-content\/uploads\/2023\/02\/Trophes-Argus-2023-Prix-special-jury-768x512.jpg 768w\" sizes=\"auto, (max-width: 1060px) 100vw, 1060px\" \/><\/figure>\n\n\n\n<p class=\"wp-block-paragraph\">Les Troph\u00e9es de&nbsp;<em>L\u2019argus<\/em>&nbsp;r\u00e9compensent chaque ann\u00e9e les meilleurs v\u00e9hicules apparus dans leur cat\u00e9gorie. Les mod\u00e8les \u00e9ligibles sont ceux de nouvelle g\u00e9n\u00e9ration (pas de restylage) commercialis\u00e9s au cours de l\u2019ann\u00e9e 2022. Parall\u00e8lement, le jury d\u00e9cerne un prix sp\u00e9cial qui met de c\u00f4t\u00e9 les crit\u00e8res rationnels pour r\u00e9compenser un concept-car, un mod\u00e8le d\u00e9cal\u00e9, une auto d\u00e9licatement fabriqu\u00e9e \u00e0 la main. Et,&nbsp;<strong>cette ann\u00e9e, constructeurs et artisans ont \u00e9t\u00e9 particuli\u00e8rement inspir\u00e9s.<\/strong><\/p>\n\n\n\n<p class=\"wp-block-paragraph\">Chez Citro\u00ebn, on h\u00e9sitera entre l\u2019atypique concept-car Oli et la 2CV Fourgonnette \u00ab Caselani \u00bb, ce carrossier italien qui transforme un Berlingo tout neuf en Deuche des temps modernes. Chez Renault, on titille aussi la fibre nostalgique avec les concepts 4Ever Trophy (annon\u00e7ant la future 4L) et R5 Turbo 3E (\u00e9lectrique ET fan de drift !). Alpine est aussi dans la course : concept Alpenglow officiel d\u2019un c\u00f4t\u00e9, Ravage Groupe 4 de l\u2019autre, sublime r\u00e9interpr\u00e9tation des berlinettes de rallye sur base d\u2019<a href=\"https:\/\/www.largus.fr\/Alpine_A110.html\">Alpine A110<\/a>&nbsp;moderne. Un joli b\u00e9b\u00e9 d\u2019artisans passionn\u00e9s, \u00e0 l\u2019image de la Devalliet Mugello, ce roadster n\u00e9o-r\u00e9tro assembl\u00e9 dans le Vercors.<\/p>\n\n\n\n<h1 class=\"wp-block-heading\">C<strong>ette ann\u00e9e, constructeurs et artisans ont \u00e9t\u00e9 particuli\u00e8rement inspir\u00e9s.<\/strong><\/h1>\n\n\n\n<div class=\"wp-block-jetpack-tiled-gallery aligncenter is-style-rectangular\"><div class=\"tiled-gallery__gallery\"><div class=\"tiled-gallery__row\"><div class=\"tiled-gallery__col\" style=\"flex-basis:66.72103%\"><figure class=\"tiled-gallery__item\"><img decoding=\"async\" data-attachment-id=\"8183\" data-permalink=\"https:\/\/ravageautomobile.com\/fr\/trophees-de-largus-2023\/eqxx-mercedes-bd\/\" data-orig-file=\"https:\/\/ravageautomobile.com\/wp-content\/uploads\/2023\/02\/eqxx-Mercedes-BD.jpg\" data-orig-size=\"1060,707\" data-comments-opened=\"0\" data-image-meta=\"{&quot;aperture&quot;:&quot;0&quot;,&quot;credit&quot;:&quot;&quot;,&quot;camera&quot;:&quot;&quot;,&quot;caption&quot;:&quot;&quot;,&quot;created_timestamp&quot;:&quot;0&quot;,&quot;copyright&quot;:&quot;&quot;,&quot;focal_length&quot;:&quot;0&quot;,&quot;iso&quot;:&quot;0&quot;,&quot;shutter_speed&quot;:&quot;0&quot;,&quot;title&quot;:&quot;&quot;,&quot;orientation&quot;:&quot;0&quot;}\" data-image-title=\"eqxx-Mercedes-BD\" data-image-description=\"\" data-image-caption=\"\" data-large-file=\"https:\/\/ravageautomobile.com\/wp-content\/uploads\/2023\/02\/eqxx-Mercedes-BD.jpg\" role=\"button\" tabindex=\"0\" aria-label=\"Ouvrir l\u2019image 1 sur 6 en plein \u00e9cran\" srcset=\"https:\/\/i2.wp.com\/ravageautomobile.com\/wp-content\/uploads\/2023\/02\/eqxx-Mercedes-BD.jpg?strip=info&#038;w=600&#038;ssl=1 600w,https:\/\/i2.wp.com\/ravageautomobile.com\/wp-content\/uploads\/2023\/02\/eqxx-Mercedes-BD.jpg?strip=info&#038;w=900&#038;ssl=1 900w,https:\/\/i2.wp.com\/ravageautomobile.com\/wp-content\/uploads\/2023\/02\/eqxx-Mercedes-BD.jpg?strip=info&#038;w=1060&#038;ssl=1 1060w\" alt=\"\" data-height=\"707\" data-id=\"8183\" data-link=\"https:\/\/ravageautomobile.com\/?attachment_id=8183\" data-url=\"https:\/\/ravageautomobile.com\/wp-content\/uploads\/2023\/02\/eqxx-Mercedes-BD.jpg\" data-width=\"1060\" src=\"https:\/\/i2.wp.com\/ravageautomobile.com\/wp-content\/uploads\/2023\/02\/eqxx-Mercedes-BD.jpg?ssl=1\" data-amp-layout=\"responsive\"\/><\/figure><\/div><div class=\"tiled-gallery__col\" style=\"flex-basis:33.27897%\"><figure class=\"tiled-gallery__item\"><img decoding=\"async\" data-attachment-id=\"8182\" data-permalink=\"https:\/\/ravageautomobile.com\/fr\/trophees-de-largus-2023\/caselani-fourgonnette-bd\/\" data-orig-file=\"https:\/\/ravageautomobile.com\/wp-content\/uploads\/2023\/02\/Caselani-Fourgonnette-BD.jpg\" data-orig-size=\"1060,707\" data-comments-opened=\"0\" data-image-meta=\"{&quot;aperture&quot;:&quot;0&quot;,&quot;credit&quot;:&quot;&quot;,&quot;camera&quot;:&quot;&quot;,&quot;caption&quot;:&quot;&quot;,&quot;created_timestamp&quot;:&quot;0&quot;,&quot;copyright&quot;:&quot;&quot;,&quot;focal_length&quot;:&quot;0&quot;,&quot;iso&quot;:&quot;0&quot;,&quot;shutter_speed&quot;:&quot;0&quot;,&quot;title&quot;:&quot;&quot;,&quot;orientation&quot;:&quot;0&quot;}\" data-image-title=\"Caselani-Fourgonnette-BD\" data-image-description=\"\" data-image-caption=\"\" data-large-file=\"https:\/\/ravageautomobile.com\/wp-content\/uploads\/2023\/02\/Caselani-Fourgonnette-BD.jpg\" role=\"button\" tabindex=\"0\" aria-label=\"Ouvrir l\u2019image 2 sur 6 en plein \u00e9cran\" srcset=\"https:\/\/i2.wp.com\/ravageautomobile.com\/wp-content\/uploads\/2023\/02\/Caselani-Fourgonnette-BD.jpg?strip=info&#038;w=600&#038;ssl=1 600w,https:\/\/i2.wp.com\/ravageautomobile.com\/wp-content\/uploads\/2023\/02\/Caselani-Fourgonnette-BD.jpg?strip=info&#038;w=900&#038;ssl=1 900w,https:\/\/i2.wp.com\/ravageautomobile.com\/wp-content\/uploads\/2023\/02\/Caselani-Fourgonnette-BD.jpg?strip=info&#038;w=1060&#038;ssl=1 1060w\" alt=\"\" data-height=\"707\" data-id=\"8182\" data-link=\"https:\/\/ravageautomobile.com\/?attachment_id=8182\" data-url=\"https:\/\/ravageautomobile.com\/wp-content\/uploads\/2023\/02\/Caselani-Fourgonnette-BD.jpg\" data-width=\"1060\" src=\"https:\/\/i2.wp.com\/ravageautomobile.com\/wp-content\/uploads\/2023\/02\/Caselani-Fourgonnette-BD.jpg?ssl=1\" data-amp-layout=\"responsive\"\/><\/figure><figure class=\"tiled-gallery__item\"><img decoding=\"async\" data-attachment-id=\"8185\" data-permalink=\"https:\/\/ravageautomobile.com\/fr\/trophees-de-largus-2023\/devalliet-mugello-375f-bd\/\" data-orig-file=\"https:\/\/ravageautomobile.com\/wp-content\/uploads\/2023\/02\/devalliet-mugello-375f-BD.jpg\" data-orig-size=\"1060,704\" data-comments-opened=\"0\" data-image-meta=\"{&quot;aperture&quot;:&quot;0&quot;,&quot;credit&quot;:&quot;&quot;,&quot;camera&quot;:&quot;&quot;,&quot;caption&quot;:&quot;&quot;,&quot;created_timestamp&quot;:&quot;0&quot;,&quot;copyright&quot;:&quot;&quot;,&quot;focal_length&quot;:&quot;0&quot;,&quot;iso&quot;:&quot;0&quot;,&quot;shutter_speed&quot;:&quot;0&quot;,&quot;title&quot;:&quot;&quot;,&quot;orientation&quot;:&quot;0&quot;}\" data-image-title=\"devalliet-mugello-375f-BD\" data-image-description=\"\" data-image-caption=\"\" data-large-file=\"https:\/\/ravageautomobile.com\/wp-content\/uploads\/2023\/02\/devalliet-mugello-375f-BD.jpg\" role=\"button\" tabindex=\"0\" aria-label=\"Ouvrir l\u2019image 3 sur 6 en plein \u00e9cran\" srcset=\"https:\/\/i2.wp.com\/ravageautomobile.com\/wp-content\/uploads\/2023\/02\/devalliet-mugello-375f-BD.jpg?strip=info&#038;w=600&#038;ssl=1 600w,https:\/\/i2.wp.com\/ravageautomobile.com\/wp-content\/uploads\/2023\/02\/devalliet-mugello-375f-BD.jpg?strip=info&#038;w=900&#038;ssl=1 900w,https:\/\/i2.wp.com\/ravageautomobile.com\/wp-content\/uploads\/2023\/02\/devalliet-mugello-375f-BD.jpg?strip=info&#038;w=1060&#038;ssl=1 1060w\" alt=\"\" data-height=\"704\" data-id=\"8185\" data-link=\"https:\/\/ravageautomobile.com\/?attachment_id=8185\" data-url=\"https:\/\/ravageautomobile.com\/wp-content\/uploads\/2023\/02\/devalliet-mugello-375f-BD.jpg\" data-width=\"1060\" src=\"https:\/\/i2.wp.com\/ravageautomobile.com\/wp-content\/uploads\/2023\/02\/devalliet-mugello-375f-BD.jpg?ssl=1\" data-amp-layout=\"responsive\"\/><\/figure><\/div><\/div><div class=\"tiled-gallery__row\"><div class=\"tiled-gallery__col\" style=\"flex-basis:33.34898%\"><figure class=\"tiled-gallery__item\"><img decoding=\"async\" data-attachment-id=\"8184\" data-permalink=\"https:\/\/ravageautomobile.com\/fr\/trophees-de-largus-2023\/microlino-bd\/\" data-orig-file=\"https:\/\/ravageautomobile.com\/wp-content\/uploads\/2023\/02\/microlino-BD.jpg\" data-orig-size=\"1060,706\" data-comments-opened=\"0\" data-image-meta=\"{&quot;aperture&quot;:&quot;0&quot;,&quot;credit&quot;:&quot;&quot;,&quot;camera&quot;:&quot;&quot;,&quot;caption&quot;:&quot;&quot;,&quot;created_timestamp&quot;:&quot;0&quot;,&quot;copyright&quot;:&quot;&quot;,&quot;focal_length&quot;:&quot;0&quot;,&quot;iso&quot;:&quot;0&quot;,&quot;shutter_speed&quot;:&quot;0&quot;,&quot;title&quot;:&quot;&quot;,&quot;orientation&quot;:&quot;0&quot;}\" data-image-title=\"microlino-BD\" data-image-description=\"\" data-image-caption=\"\" data-large-file=\"https:\/\/ravageautomobile.com\/wp-content\/uploads\/2023\/02\/microlino-BD.jpg\" role=\"button\" tabindex=\"0\" aria-label=\"Ouvrir l\u2019image 4 sur 6 en plein \u00e9cran\" srcset=\"https:\/\/i0.wp.com\/ravageautomobile.com\/wp-content\/uploads\/2023\/02\/microlino-BD.jpg?strip=info&#038;w=600&#038;ssl=1 600w,https:\/\/i0.wp.com\/ravageautomobile.com\/wp-content\/uploads\/2023\/02\/microlino-BD.jpg?strip=info&#038;w=900&#038;ssl=1 900w,https:\/\/i0.wp.com\/ravageautomobile.com\/wp-content\/uploads\/2023\/02\/microlino-BD.jpg?strip=info&#038;w=1060&#038;ssl=1 1060w\" alt=\"\" data-height=\"706\" data-id=\"8184\" data-link=\"https:\/\/ravageautomobile.com\/?attachment_id=8184\" data-url=\"https:\/\/ravageautomobile.com\/wp-content\/uploads\/2023\/02\/microlino-BD.jpg\" data-width=\"1060\" src=\"https:\/\/i0.wp.com\/ravageautomobile.com\/wp-content\/uploads\/2023\/02\/microlino-BD.jpg?ssl=1\" data-amp-layout=\"responsive\"\/><\/figure><\/div><div class=\"tiled-gallery__col\" style=\"flex-basis:33.30203%\"><figure class=\"tiled-gallery__item\"><img decoding=\"async\" data-attachment-id=\"8186\" data-permalink=\"https:\/\/ravageautomobile.com\/fr\/trophees-de-largus-2023\/alpine-ravage-groupe-4-bd\/\" data-orig-file=\"https:\/\/ravageautomobile.com\/wp-content\/uploads\/2023\/02\/alpine-ravage-groupe-4-BD.jpg\" data-orig-size=\"1060,707\" data-comments-opened=\"0\" data-image-meta=\"{&quot;aperture&quot;:&quot;0&quot;,&quot;credit&quot;:&quot;&quot;,&quot;camera&quot;:&quot;&quot;,&quot;caption&quot;:&quot;&quot;,&quot;created_timestamp&quot;:&quot;0&quot;,&quot;copyright&quot;:&quot;&quot;,&quot;focal_length&quot;:&quot;0&quot;,&quot;iso&quot;:&quot;0&quot;,&quot;shutter_speed&quot;:&quot;0&quot;,&quot;title&quot;:&quot;&quot;,&quot;orientation&quot;:&quot;0&quot;}\" data-image-title=\"alpine-ravage-groupe-4-BD\" data-image-description=\"\" data-image-caption=\"\" data-large-file=\"https:\/\/ravageautomobile.com\/wp-content\/uploads\/2023\/02\/alpine-ravage-groupe-4-BD.jpg\" role=\"button\" tabindex=\"0\" aria-label=\"Ouvrir l\u2019image 5 sur 6 en plein \u00e9cran\" srcset=\"https:\/\/i1.wp.com\/ravageautomobile.com\/wp-content\/uploads\/2023\/02\/alpine-ravage-groupe-4-BD.jpg?strip=info&#038;w=600&#038;ssl=1 600w,https:\/\/i1.wp.com\/ravageautomobile.com\/wp-content\/uploads\/2023\/02\/alpine-ravage-groupe-4-BD.jpg?strip=info&#038;w=900&#038;ssl=1 900w,https:\/\/i1.wp.com\/ravageautomobile.com\/wp-content\/uploads\/2023\/02\/alpine-ravage-groupe-4-BD.jpg?strip=info&#038;w=1060&#038;ssl=1 1060w\" alt=\"\" data-height=\"707\" data-id=\"8186\" data-link=\"https:\/\/ravageautomobile.com\/?attachment_id=8186\" data-url=\"https:\/\/ravageautomobile.com\/wp-content\/uploads\/2023\/02\/alpine-ravage-groupe-4-BD.jpg\" data-width=\"1060\" src=\"https:\/\/i1.wp.com\/ravageautomobile.com\/wp-content\/uploads\/2023\/02\/alpine-ravage-groupe-4-BD.jpg?ssl=1\" data-amp-layout=\"responsive\"\/><\/figure><\/div><div class=\"tiled-gallery__col\" style=\"flex-basis:33.34898%\"><figure class=\"tiled-gallery__item\"><img decoding=\"async\" data-attachment-id=\"8187\" data-permalink=\"https:\/\/ravageautomobile.com\/fr\/trophees-de-largus-2023\/trophes-argus-2023-prix-special-jury-1\/\" data-orig-file=\"https:\/\/ravageautomobile.com\/wp-content\/uploads\/2023\/02\/Trophes-Argus-2023-Prix-special-jury-1.jpg\" data-orig-size=\"1060,706\" data-comments-opened=\"0\" data-image-meta=\"{&quot;aperture&quot;:&quot;0&quot;,&quot;credit&quot;:&quot;&quot;,&quot;camera&quot;:&quot;&quot;,&quot;caption&quot;:&quot;&quot;,&quot;created_timestamp&quot;:&quot;0&quot;,&quot;copyright&quot;:&quot;&quot;,&quot;focal_length&quot;:&quot;0&quot;,&quot;iso&quot;:&quot;0&quot;,&quot;shutter_speed&quot;:&quot;0&quot;,&quot;title&quot;:&quot;&quot;,&quot;orientation&quot;:&quot;0&quot;}\" data-image-title=\"Trophes-Argus-2023-Prix-special-jury-1\" data-image-description=\"\" data-image-caption=\"\" data-large-file=\"https:\/\/ravageautomobile.com\/wp-content\/uploads\/2023\/02\/Trophes-Argus-2023-Prix-special-jury-1.jpg\" role=\"button\" tabindex=\"0\" aria-label=\"Ouvrir l\u2019image 6 sur 6 en plein \u00e9cran\" srcset=\"https:\/\/i1.wp.com\/ravageautomobile.com\/wp-content\/uploads\/2023\/02\/Trophes-Argus-2023-Prix-special-jury-1.jpg?strip=info&#038;w=600&#038;ssl=1 600w,https:\/\/i1.wp.com\/ravageautomobile.com\/wp-content\/uploads\/2023\/02\/Trophes-Argus-2023-Prix-special-jury-1.jpg?strip=info&#038;w=900&#038;ssl=1 900w,https:\/\/i1.wp.com\/ravageautomobile.com\/wp-content\/uploads\/2023\/02\/Trophes-Argus-2023-Prix-special-jury-1.jpg?strip=info&#038;w=1060&#038;ssl=1 1060w\" alt=\"\" data-height=\"706\" data-id=\"8187\" data-link=\"https:\/\/ravageautomobile.com\/?attachment_id=8187\" data-url=\"https:\/\/ravageautomobile.com\/wp-content\/uploads\/2023\/02\/Trophes-Argus-2023-Prix-special-jury-1.jpg\" data-width=\"1060\" src=\"https:\/\/i1.wp.com\/ravageautomobile.com\/wp-content\/uploads\/2023\/02\/Trophes-Argus-2023-Prix-special-jury-1.jpg?ssl=1\" data-amp-layout=\"responsive\"\/><\/figure><\/div><\/div><\/div><\/div>\n\n\n\n<p class=\"wp-block-paragraph\">Il faudra aussi trancher entre la craquante Microlino et le s\u00e9millant concept Dacia Manifesto. \u00c0 leurs c\u00f4t\u00e9s, les autres r\u00e9alisations sont plus rationnelles et annoncent le futur, du plus proche au plus lointain. <\/p>\n\n\n\n<p class=\"wp-block-paragraph\">Se pr\u00e9senteront le Skoda Vision 7S comme prochain SUV \u00e9lectrique, le Mercedes EQXX aux 1 000 km d\u2019autonomie ou encore le Gen.Travel du groupe Volkswagen, quand le conducteur ne sera plus qu\u2019un passager comme les autres. Entre nos jur\u00e9s de sensibilit\u00e9s diff\u00e9rentes, les d\u00e9bats pour la victoire s\u2019annoncent anim\u00e9s !<\/p>\n\n\n\n<figure class=\"wp-block-table\"><table><tbody><tr><td>Troph\u00e9es de L&#8217;argus 2023. Prix sp\u00e9cial du jury<\/td><\/tr><tr><td><a href=\"https:\/\/www.largus.fr\/actualite-automobile\/ravage-groupe-4-lalpine-a110-bodybuildee-en-vente-libre-10901396.html\">Alpine Ravage<\/a><\/td><\/tr><tr><td><a href=\"https:\/\/www.largus.fr\/mondial\/alpine-alpenglow-lhypercar-expliquee-par-le-directeur-du-design-11063392.html\">Alpine Alpenglow<\/a>&nbsp;(concept)<\/td><\/tr><tr><td><a href=\"https:\/\/www.largus.fr\/actualite-automobile\/citroen-oli-sur-les-traces-de-la-2cv-dans-les-rues-de-paris-video-30023125.html\">Citroen Oli<\/a>&nbsp;(concept)<\/td><\/tr><tr><td><a href=\"https:\/\/www.largus.fr\/actualite-automobile\/essai-caselani-fourgonnette-quand-le-retro-fait-du-bien-au-citroen-berlingo-30023223.html\">Caselani 2 CV Fourgonnette<\/a><\/td><\/tr><tr><td><a href=\"https:\/\/www.largus.fr\/actualite-automobile\/essai-devalliet-mugello-375f-le-roadster-neo-retro-made-in-france-30022716.html\">Devalliet Mugello<\/a><\/td><\/tr><tr><td><a href=\"https:\/\/www.largus.fr\/mondial\/dacia-manifesto-2022-rencontre-avec-un-concept-de-buggy-original-11033394.html\">Dacia Manifesto<\/a>&nbsp;(concept)<\/td><\/tr><tr><td><a href=\"https:\/\/www.largus.fr\/actualite-automobile\/essai-microlino-au-volant-de-l-isetta-du-xxie-siecle-30022835.html\">Microlino<\/a><\/td><\/tr><tr><td><a href=\"https:\/\/www.largus.fr\/actualite-automobile\/mercedes-eqxx-a-bord-de-lelectrique-aux-1-000-km-dautonomie-10914402.html\">Mercedes EQXX concept<\/a><\/td><\/tr><tr><td><a href=\"https:\/\/www.largus.fr\/mondial\/renault-4ever-trophy-la-future-4l-sera-un-suv-urbain-100-electrique-11061390.html\">Renault 4Ever Trophy<\/a>&nbsp;(concept)<\/td><\/tr><tr><td><a href=\"https:\/\/www.largus.fr\/mondial\/renault-r5-turbo-3e-infos-et-fiche-technique-officielles-du-concept-11038395.html\">Renault R5 Turbo 3E<\/a>&nbsp;(concept)<\/td><\/tr><tr><td><a href=\"https:\/\/www.largus.fr\/actualite-automobile\/skoda-vision-7s-un-suv-avec-7-places-et-600-km-d-autonomie-pour-2026-30001225.html\">Skoda Vision 7S<\/a>&nbsp;(concept)<\/td><\/tr><tr><td><a href=\"https:\/\/www.largus.fr\/actualite-automobile\/le-groupe-vw-presente-une-nouvelle-navette-autonome-futuriste-le-gen-travel-30001578.html\">Groupe Volkswagen Gen.Travel<\/a>&nbsp;(concept)<\/td><\/tr><\/tbody><\/table><\/figure>\n\n\n\n<h2 class=\"wp-block-heading\">Comment s\u2019organise le vote ?<\/h2>\n\n\n\n<p class=\"wp-block-paragraph\">Le vote se d\u00e9roule en deux \u00e9tapes. Nous faisons un premier tour en interne avec les journalistes de la r\u00e9daction et les experts de la valorisation et du r\u00e9f\u00e9rentiel. Ce tour pr\u00e9liminaire permet un \u00e9lagage pour ne retenir que cinq finalistes, qui seront cit\u00e9s lors de la&nbsp;<a href=\"https:\/\/www.largus.fr\/actualite-automobile\/les-trophees-de-l-argus-fetent-leurs-30-ans-en-2023-30024428.html\">soir\u00e9e des Troph\u00e9es du 14 f\u00e9vrier 2023<\/a>.&nbsp;<\/p>\n\n\n\n<p class=\"wp-block-paragraph\">Le gagnant, lui, est d\u00e9sign\u00e9 au cours d\u2019un second tour de vote comprenant notre jury interne, auquel nous associons un jury externe compos\u00e9 de journalistes de la presse g\u00e9n\u00e9raliste r\u00e9gionale et nationale, ainsi que de m\u00e9dias sp\u00e9cialis\u00e9s. Cette diversit\u00e9 et ces comp\u00e9tences de diff\u00e9rents univers font la l\u00e9gitimit\u00e9, l\u2019ind\u00e9pendance et la force de nos Troph\u00e9es.<\/p>\n\n\n\n<h2 class=\"wp-block-heading\">Le jury interne des Troph\u00e9es 2023<\/h2>\n\n\n\n<p class=\"wp-block-paragraph\">Les journalistes de la r\u00e9daction de&nbsp;<em>L\u2019argus<\/em>&nbsp;: Bertrand Bellois, G\u00e9raldine Gaudy, MaxK, Johann Leblanc, Gr\u00e9gory Pelletier, Julien Sarboraria, Mathieu Sentis<\/p>\n\n\n\n<p class=\"wp-block-paragraph\">Les expert de la valorisation et du r\u00e9f\u00e9rentiel de&nbsp;<em>L\u2019argus<\/em>&nbsp;: Olivier Brabant, Rapha\u00ebl Calza, Nicolas Carron, Pierre Charbonnier, Cl\u00e9ment Finet, Paul Lebrun, Roberto Pestana<\/p>\n\n\n\n<h2 class=\"wp-block-heading\">Le jury externe des Troph\u00e9es 2023<\/h2>\n\n\n\n<p class=\"wp-block-paragraph\">Luc Bazizin (France T\u00e9l\u00e9visions), \u00c9rik Bielderman\u00a0<em>(L&#8217;\u00c9quipe),<\/em>\u00a0Laurent Bodin\u00a0<em>(L&#8217;Alsace),<\/em>\u00a0Denis Carreaux\u00a0<em>(Nice matin),\u00a0<\/em>Adeline Despres (Autoroute Info), \u00c9rick Fontaine\u00a0<em>(Les num\u00e9riques),<\/em>\u00a0Nicolas Heidet (C8 &#8211; Canal +), S\u00e9bastien Jacquemart\u00a0<em>(La Voix du Nord),<\/em>\u00a0Nicolas Laperruque\u00a0<em>(Le Dauphin\u00e9 lib\u00e9r\u00e9),<\/em>\u00a0Alexandra Legendre (Ligue de d\u00e9fense des conducteurs), Florian Martin\u00a0<em>(VSD),<\/em>\u00a0Jean-Michel Normand\u00a0<em>(Le Monde),\u00a0<\/em>Jessica Paupinat (Jess&#8217;aye ta caisse).<\/p>\n\n\n\n<hr class=\"wp-block-coblocks-dynamic-separator is-style-line\" style=\"height:50px\"\/>\n\n\n\n<p class=\"has-text-align-right wp-block-paragraph\">Photo WILLIAM CROZES<\/p>\n\n\n\n<figure class=\"wp-block-image size-full\"><img loading=\"lazy\" decoding=\"async\" width=\"1712\" height=\"1712\" data-attachment-id=\"7232\" data-permalink=\"https:\/\/ravageautomobile.com\/fr\/2022-03-14_100-plaque\/\" data-orig-file=\"https:\/\/ravageautomobile.com\/wp-content\/uploads\/2022\/05\/2022-03-14_100-plaque.jpg\" data-orig-size=\"1712,1712\" data-comments-opened=\"0\" data-image-meta=\"{&quot;aperture&quot;:&quot;0&quot;,&quot;credit&quot;:&quot;&quot;,&quot;camera&quot;:&quot;&quot;,&quot;caption&quot;:&quot;&quot;,&quot;created_timestamp&quot;:&quot;0&quot;,&quot;copyright&quot;:&quot;&quot;,&quot;focal_length&quot;:&quot;0&quot;,&quot;iso&quot;:&quot;0&quot;,&quot;shutter_speed&quot;:&quot;0&quot;,&quot;title&quot;:&quot;&quot;,&quot;orientation&quot;:&quot;1&quot;}\" data-image-title=\"2022-03-14_100-plaque\" data-image-description=\"\" data-image-caption=\"\" data-large-file=\"https:\/\/ravageautomobile.com\/wp-content\/uploads\/2022\/05\/2022-03-14_100-plaque.jpg\" src=\"https:\/\/ravageautomobile.com\/wp-content\/uploads\/2022\/05\/2022-03-14_100-plaque.jpg\" alt=\"\" class=\"wp-image-7232\" srcset=\"https:\/\/ravageautomobile.com\/wp-content\/uploads\/2022\/05\/2022-03-14_100-plaque.jpg 1712w, https:\/\/ravageautomobile.com\/wp-content\/uploads\/2022\/05\/2022-03-14_100-plaque-200x200.jpg?crop=1 200w, https:\/\/ravageautomobile.com\/wp-content\/uploads\/2022\/05\/2022-03-14_100-plaque-300x300.jpg 300w, https:\/\/ravageautomobile.com\/wp-content\/uploads\/2022\/05\/2022-03-14_100-plaque-800x800.jpg?crop=1 800w, https:\/\/ravageautomobile.com\/wp-content\/uploads\/2022\/05\/2022-03-14_100-plaque-150x150.jpg 150w, https:\/\/ravageautomobile.com\/wp-content\/uploads\/2022\/05\/2022-03-14_100-plaque-768x768.jpg 768w, https:\/\/ravageautomobile.com\/wp-content\/uploads\/2022\/05\/2022-03-14_100-plaque-1536x1536.jpg 1536w, https:\/\/ravageautomobile.com\/wp-content\/uploads\/2022\/05\/2022-03-14_100-plaque-1200x1200.jpg?crop=1 1200w, https:\/\/ravageautomobile.com\/wp-content\/uploads\/2022\/05\/2022-03-14_100-plaque-400x400.jpg?crop=1 400w\" sizes=\"auto, (max-width: 1712px) 100vw, 1712px\" \/><\/figure>","protected":false},"excerpt":{"rendered":"<p>Troph\u00e9es de L\u2019argus 2023. Qui recevra le Prix sp\u00e9cial du jury ? Publi\u00e9 par L&#8217;ARGUS Publi\u00e9 le\u00a009\/02\/2023\u00a0 Apr\u00e8s avoir r\u00e9compens\u00e9 les v\u00e9hicules particuliers et utilitaires, nos jur\u00e9s voteront pour leur coup de c\u0153ur de l\u2019ann\u00e9e parmi treize sp\u00e9cimens. Concept-cars, mod\u00e8les artisanaux ou recarross\u00e9s, le choix est aussi vaste qu&#8217;all\u00e9chant et s\u2019annonce particuli\u00e8rement ardu\u2026 Les Troph\u00e9es [&hellip;]<\/p>\n","protected":false},"author":147858229,"featured_media":8187,"comment_status":"closed","ping_status":"open","sticky":false,"template":"","format":"standard","meta":{"_coblocks_attr":"","_coblocks_dimensions":"","_coblocks_responsive_height":"","_coblocks_accordion_ie_support":"","_crdt_document":"","_jetpack_newsletter_access":"","_jetpack_dont_email_post_to_subs":false,"_jetpack_newsletter_tier_id":0,"_jetpack_memberships_contains_paywalled_content":false,"_jetpack_memberships_contains_paid_content":false,"footnotes":"","jetpack_publicize_message":"Enorme !  Le Jury des Troph\u00e9es de L'ARGUS nous fait l'honneur de nominer Ravage pour le Prix Sp\u00e9cial du Jury. Affaire \u00e0 suivre le 14 f\u00e9vrier","jetpack_publicize_feature_enabled":true,"jetpack_social_post_already_shared":false,"jetpack_social_options":{"image_generator_settings":{"template":"highway","default_image_id":0,"font":"","enabled":false},"version":2},"_wpas_customize_per_network":false,"jetpack_post_was_ever_published":false},"categories":[6325],"tags":[12683836,581345,716909506,716909485],"class_list":["post-8177","post","type-post","status-publish","format-standard","has-post-thumbnail","hentry","category-non-classe","tag-a110","tag-alpine","tag-alpine-groupe4","tag-alpineravage"],"yoast_head":"<!-- This site is optimized with the Yoast SEO plugin v27.5 - https:\/\/yoast.com\/product\/yoast-seo-wordpress\/ -->\n<title>Troph\u00e9es de L\u2019argus 2023 - RAVAGE<\/title>\n<meta name=\"robots\" content=\"index, follow, max-snippet:-1, max-image-preview:large, max-video-preview:-1\" \/>\n<link rel=\"canonical\" href=\"https:\/\/ravageautomobile.com\/fr\/trophees-de-largus-2023\/\" \/>\n<meta property=\"og:locale\" content=\"fr_FR\" \/>\n<meta property=\"og:type\" content=\"article\" \/>\n<meta property=\"og:title\" content=\"Troph\u00e9es de L\u2019argus 2023 - RAVAGE\" \/>\n<meta property=\"og:description\" content=\"Troph\u00e9es de L\u2019argus 2023. Qui recevra le Prix sp\u00e9cial du jury ? Publi\u00e9 par L&#8217;ARGUS Publi\u00e9 le\u00a009\/02\/2023\u00a0 Apr\u00e8s avoir r\u00e9compens\u00e9 les v\u00e9hicules particuliers et utilitaires, nos jur\u00e9s voteront pour leur coup de c\u0153ur de l\u2019ann\u00e9e parmi treize sp\u00e9cimens. Concept-cars, mod\u00e8les artisanaux ou recarross\u00e9s, le choix est aussi vaste qu&#8217;all\u00e9chant et s\u2019annonce particuli\u00e8rement ardu\u2026 Les Troph\u00e9es [&hellip;]\" \/>\n<meta property=\"og:url\" content=\"https:\/\/ravageautomobile.com\/fr\/trophees-de-largus-2023\/\" \/>\n<meta property=\"og:site_name\" content=\"RAVAGE\" \/>\n<meta property=\"article:publisher\" content=\"https:\/\/www.facebook.com\/PilotesAutonomes?locale=fr_FR\" \/>\n<meta property=\"article:published_time\" content=\"2023-02-10T14:40:15+00:00\" \/>\n<meta property=\"article:modified_time\" content=\"2023-02-10T14:40:50+00:00\" \/>\n<meta property=\"og:image\" content=\"https:\/\/ravageautomobile.com\/wp-content\/uploads\/2023\/02\/Trophes-Argus-2023-Prix-special-jury-1.jpg\" \/>\n\t<meta property=\"og:image:width\" content=\"1060\" \/>\n\t<meta property=\"og:image:height\" content=\"706\" \/>\n\t<meta property=\"og:image:type\" content=\"image\/jpeg\" \/>\n<meta name=\"author\" content=\"Ravage\" \/>\n<meta name=\"twitter:card\" content=\"summary_large_image\" \/>\n<meta name=\"twitter:label1\" content=\"\u00c9crit par\" \/>\n\t<meta name=\"twitter:data1\" content=\"Ravage\" \/>\n\t<meta name=\"twitter:label2\" content=\"Dur\u00e9e de lecture estim\u00e9e\" \/>\n\t<meta name=\"twitter:data2\" content=\"4 minutes\" \/>\n<script type=\"application\/ld+json\" class=\"yoast-schema-graph\">{\"@context\":\"https:\\\/\\\/schema.org\",\"@graph\":[{\"@type\":\"Article\",\"@id\":\"https:\\\/\\\/ravageautomobile.com\\\/trophees-de-largus-2023\\\/#article\",\"isPartOf\":{\"@id\":\"https:\\\/\\\/ravageautomobile.com\\\/trophees-de-largus-2023\\\/\"},\"author\":{\"name\":\"Ravage\",\"@id\":\"https:\\\/\\\/ravageautomobile.com\\\/#\\\/schema\\\/person\\\/7c3b878d675ad04aa75844e3e275e68e\"},\"headline\":\"Troph\u00e9es de L\u2019argus 2023\",\"datePublished\":\"2023-02-10T14:40:15+00:00\",\"dateModified\":\"2023-02-10T14:40:50+00:00\",\"mainEntityOfPage\":{\"@id\":\"https:\\\/\\\/ravageautomobile.com\\\/trophees-de-largus-2023\\\/\"},\"wordCount\":717,\"publisher\":{\"@id\":\"https:\\\/\\\/ravageautomobile.com\\\/#organization\"},\"image\":{\"@id\":\"https:\\\/\\\/ravageautomobile.com\\\/trophees-de-largus-2023\\\/#primaryimage\"},\"thumbnailUrl\":\"https:\\\/\\\/ravageautomobile.com\\\/wp-content\\\/uploads\\\/2023\\\/02\\\/Trophes-Argus-2023-Prix-special-jury-1.jpg\",\"keywords\":[\"a110\",\"alpine\",\"alpine groupe4\",\"alpineravage\"],\"articleSection\":[\"news\"],\"inLanguage\":\"fr-FR\"},{\"@type\":\"WebPage\",\"@id\":\"https:\\\/\\\/ravageautomobile.com\\\/trophees-de-largus-2023\\\/\",\"url\":\"https:\\\/\\\/ravageautomobile.com\\\/trophees-de-largus-2023\\\/\",\"name\":\"Troph\u00e9es de L\u2019argus 2023 - RAVAGE\",\"isPartOf\":{\"@id\":\"https:\\\/\\\/ravageautomobile.com\\\/#website\"},\"primaryImageOfPage\":{\"@id\":\"https:\\\/\\\/ravageautomobile.com\\\/trophees-de-largus-2023\\\/#primaryimage\"},\"image\":{\"@id\":\"https:\\\/\\\/ravageautomobile.com\\\/trophees-de-largus-2023\\\/#primaryimage\"},\"thumbnailUrl\":\"https:\\\/\\\/ravageautomobile.com\\\/wp-content\\\/uploads\\\/2023\\\/02\\\/Trophes-Argus-2023-Prix-special-jury-1.jpg\",\"datePublished\":\"2023-02-10T14:40:15+00:00\",\"dateModified\":\"2023-02-10T14:40:50+00:00\",\"breadcrumb\":{\"@id\":\"https:\\\/\\\/ravageautomobile.com\\\/trophees-de-largus-2023\\\/#breadcrumb\"},\"inLanguage\":\"fr-FR\",\"potentialAction\":[{\"@type\":\"ReadAction\",\"target\":[\"https:\\\/\\\/ravageautomobile.com\\\/trophees-de-largus-2023\\\/\"]}]},{\"@type\":\"ImageObject\",\"inLanguage\":\"fr-FR\",\"@id\":\"https:\\\/\\\/ravageautomobile.com\\\/trophees-de-largus-2023\\\/#primaryimage\",\"url\":\"https:\\\/\\\/ravageautomobile.com\\\/wp-content\\\/uploads\\\/2023\\\/02\\\/Trophes-Argus-2023-Prix-special-jury-1.jpg\",\"contentUrl\":\"https:\\\/\\\/ravageautomobile.com\\\/wp-content\\\/uploads\\\/2023\\\/02\\\/Trophes-Argus-2023-Prix-special-jury-1.jpg\",\"width\":1060,\"height\":706,\"caption\":\"Trophes-Argus-2023-Prix-special-jury-\"},{\"@type\":\"BreadcrumbList\",\"@id\":\"https:\\\/\\\/ravageautomobile.com\\\/trophees-de-largus-2023\\\/#breadcrumb\",\"itemListElement\":[{\"@type\":\"ListItem\",\"position\":1,\"name\":\"Accueil\",\"item\":\"https:\\\/\\\/ravageautomobile.com\\\/\"},{\"@type\":\"ListItem\",\"position\":2,\"name\":\"Troph\u00e9es de L\u2019argus 2023\"}]},{\"@type\":\"WebSite\",\"@id\":\"https:\\\/\\\/ravageautomobile.com\\\/#website\",\"url\":\"https:\\\/\\\/ravageautomobile.com\\\/\",\"name\":\"Ravage Automobile\",\"description\":\"Bespoke Alpine A110 \u2014 Handcrafted in France\",\"publisher\":{\"@id\":\"https:\\\/\\\/ravageautomobile.com\\\/#organization\"},\"potentialAction\":[{\"@type\":\"SearchAction\",\"target\":{\"@type\":\"EntryPoint\",\"urlTemplate\":\"https:\\\/\\\/ravageautomobile.com\\\/?s={search_term_string}\"},\"query-input\":{\"@type\":\"PropertyValueSpecification\",\"valueRequired\":true,\"valueName\":\"search_term_string\"}}],\"inLanguage\":\"fr-FR\"},{\"@type\":\"Organization\",\"@id\":\"https:\\\/\\\/ravageautomobile.com\\\/#organization\",\"name\":\"Ravage Automobile\",\"url\":\"https:\\\/\\\/ravageautomobile.com\\\/\",\"logo\":{\"@type\":\"ImageObject\",\"inLanguage\":\"fr-FR\",\"@id\":\"https:\\\/\\\/ravageautomobile.com\\\/#\\\/schema\\\/logo\\\/image\\\/\",\"url\":\"https:\\\/\\\/ravageautomobile.com\\\/wp-content\\\/uploads\\\/2022\\\/01\\\/cropped-21102-ravage-gitanes-blanc.png\",\"contentUrl\":\"https:\\\/\\\/ravageautomobile.com\\\/wp-content\\\/uploads\\\/2022\\\/01\\\/cropped-21102-ravage-gitanes-blanc.png\",\"width\":9463,\"height\":2749,\"caption\":\"Ravage Automobile\"},\"image\":{\"@id\":\"https:\\\/\\\/ravageautomobile.com\\\/#\\\/schema\\\/logo\\\/image\\\/\"},\"sameAs\":[\"https:\\\/\\\/www.facebook.com\\\/PilotesAutonomes?locale=fr_FR\",\"https:\\\/\\\/www.instagram.com\\\/ravage_auto\\\/\"]},{\"@type\":\"Person\",\"@id\":\"https:\\\/\\\/ravageautomobile.com\\\/#\\\/schema\\\/person\\\/7c3b878d675ad04aa75844e3e275e68e\",\"name\":\"Ravage\",\"image\":{\"@type\":\"ImageObject\",\"inLanguage\":\"fr-FR\",\"@id\":\"https:\\\/\\\/secure.gravatar.com\\\/avatar\\\/d280b496ce5002e9722c0d215edf75afba3c8e0da01de81d0b6700a36cb7e7f7?s=96&d=identicon&r=g\",\"url\":\"https:\\\/\\\/secure.gravatar.com\\\/avatar\\\/d280b496ce5002e9722c0d215edf75afba3c8e0da01de81d0b6700a36cb7e7f7?s=96&d=identicon&r=g\",\"contentUrl\":\"https:\\\/\\\/secure.gravatar.com\\\/avatar\\\/d280b496ce5002e9722c0d215edf75afba3c8e0da01de81d0b6700a36cb7e7f7?s=96&d=identicon&r=g\",\"caption\":\"Ravage\"},\"description\":\"Pour pilotes autonomes\",\"sameAs\":[\"http:\\\/\\\/ravageautomobilecom.wordpress.com\"],\"url\":\"https:\\\/\\\/ravageautomobile.com\\\/fr\\\/author\\\/benoittallec\\\/\"}]}<\/script>\n<!-- \/ Yoast SEO plugin. -->","yoast_head_json":{"title":"Troph\u00e9es de L\u2019argus 2023 - RAVAGE","robots":{"index":"index","follow":"follow","max-snippet":"max-snippet:-1","max-image-preview":"max-image-preview:large","max-video-preview":"max-video-preview:-1"},"canonical":"https:\/\/ravageautomobile.com\/fr\/trophees-de-largus-2023\/","og_locale":"fr_FR","og_type":"article","og_title":"Troph\u00e9es de L\u2019argus 2023 - RAVAGE","og_description":"Troph\u00e9es de L\u2019argus 2023. Qui recevra le Prix sp\u00e9cial du jury ? Publi\u00e9 par L&#8217;ARGUS Publi\u00e9 le\u00a009\/02\/2023\u00a0 Apr\u00e8s avoir r\u00e9compens\u00e9 les v\u00e9hicules particuliers et utilitaires, nos jur\u00e9s voteront pour leur coup de c\u0153ur de l\u2019ann\u00e9e parmi treize sp\u00e9cimens. Concept-cars, mod\u00e8les artisanaux ou recarross\u00e9s, le choix est aussi vaste qu&#8217;all\u00e9chant et s\u2019annonce particuli\u00e8rement ardu\u2026 Les Troph\u00e9es [&hellip;]","og_url":"https:\/\/ravageautomobile.com\/fr\/trophees-de-largus-2023\/","og_site_name":"RAVAGE","article_publisher":"https:\/\/www.facebook.com\/PilotesAutonomes?locale=fr_FR","article_published_time":"2023-02-10T14:40:15+00:00","article_modified_time":"2023-02-10T14:40:50+00:00","og_image":[{"width":1060,"height":706,"url":"https:\/\/ravageautomobile.com\/wp-content\/uploads\/2023\/02\/Trophes-Argus-2023-Prix-special-jury-1.jpg","type":"image\/jpeg"}],"author":"Ravage","twitter_card":"summary_large_image","twitter_misc":{"\u00c9crit par":"Ravage","Dur\u00e9e de lecture estim\u00e9e":"4 minutes"},"schema":{"@context":"https:\/\/schema.org","@graph":[{"@type":"Article","@id":"https:\/\/ravageautomobile.com\/trophees-de-largus-2023\/#article","isPartOf":{"@id":"https:\/\/ravageautomobile.com\/trophees-de-largus-2023\/"},"author":{"name":"Ravage","@id":"https:\/\/ravageautomobile.com\/#\/schema\/person\/7c3b878d675ad04aa75844e3e275e68e"},"headline":"Troph\u00e9es de L\u2019argus 2023","datePublished":"2023-02-10T14:40:15+00:00","dateModified":"2023-02-10T14:40:50+00:00","mainEntityOfPage":{"@id":"https:\/\/ravageautomobile.com\/trophees-de-largus-2023\/"},"wordCount":717,"publisher":{"@id":"https:\/\/ravageautomobile.com\/#organization"},"image":{"@id":"https:\/\/ravageautomobile.com\/trophees-de-largus-2023\/#primaryimage"},"thumbnailUrl":"https:\/\/ravageautomobile.com\/wp-content\/uploads\/2023\/02\/Trophes-Argus-2023-Prix-special-jury-1.jpg","keywords":["a110","alpine","alpine groupe4","alpineravage"],"articleSection":["news"],"inLanguage":"fr-FR"},{"@type":"WebPage","@id":"https:\/\/ravageautomobile.com\/trophees-de-largus-2023\/","url":"https:\/\/ravageautomobile.com\/trophees-de-largus-2023\/","name":"Troph\u00e9es de L\u2019argus 2023 - RAVAGE","isPartOf":{"@id":"https:\/\/ravageautomobile.com\/#website"},"primaryImageOfPage":{"@id":"https:\/\/ravageautomobile.com\/trophees-de-largus-2023\/#primaryimage"},"image":{"@id":"https:\/\/ravageautomobile.com\/trophees-de-largus-2023\/#primaryimage"},"thumbnailUrl":"https:\/\/ravageautomobile.com\/wp-content\/uploads\/2023\/02\/Trophes-Argus-2023-Prix-special-jury-1.jpg","datePublished":"2023-02-10T14:40:15+00:00","dateModified":"2023-02-10T14:40:50+00:00","breadcrumb":{"@id":"https:\/\/ravageautomobile.com\/trophees-de-largus-2023\/#breadcrumb"},"inLanguage":"fr-FR","potentialAction":[{"@type":"ReadAction","target":["https:\/\/ravageautomobile.com\/trophees-de-largus-2023\/"]}]},{"@type":"ImageObject","inLanguage":"fr-FR","@id":"https:\/\/ravageautomobile.com\/trophees-de-largus-2023\/#primaryimage","url":"https:\/\/ravageautomobile.com\/wp-content\/uploads\/2023\/02\/Trophes-Argus-2023-Prix-special-jury-1.jpg","contentUrl":"https:\/\/ravageautomobile.com\/wp-content\/uploads\/2023\/02\/Trophes-Argus-2023-Prix-special-jury-1.jpg","width":1060,"height":706,"caption":"Trophes-Argus-2023-Prix-special-jury-"},{"@type":"BreadcrumbList","@id":"https:\/\/ravageautomobile.com\/trophees-de-largus-2023\/#breadcrumb","itemListElement":[{"@type":"ListItem","position":1,"name":"Accueil","item":"https:\/\/ravageautomobile.com\/"},{"@type":"ListItem","position":2,"name":"Troph\u00e9es de L\u2019argus 2023"}]},{"@type":"WebSite","@id":"https:\/\/ravageautomobile.com\/#website","url":"https:\/\/ravageautomobile.com\/","name":"Ravage Automobile","description":"Bespoke Alpine A110 \u2014 Handcrafted in France","publisher":{"@id":"https:\/\/ravageautomobile.com\/#organization"},"potentialAction":[{"@type":"SearchAction","target":{"@type":"EntryPoint","urlTemplate":"https:\/\/ravageautomobile.com\/?s={search_term_string}"},"query-input":{"@type":"PropertyValueSpecification","valueRequired":true,"valueName":"search_term_string"}}],"inLanguage":"fr-FR"},{"@type":"Organization","@id":"https:\/\/ravageautomobile.com\/#organization","name":"Ravage Automobile","url":"https:\/\/ravageautomobile.com\/","logo":{"@type":"ImageObject","inLanguage":"fr-FR","@id":"https:\/\/ravageautomobile.com\/#\/schema\/logo\/image\/","url":"https:\/\/ravageautomobile.com\/wp-content\/uploads\/2022\/01\/cropped-21102-ravage-gitanes-blanc.png","contentUrl":"https:\/\/ravageautomobile.com\/wp-content\/uploads\/2022\/01\/cropped-21102-ravage-gitanes-blanc.png","width":9463,"height":2749,"caption":"Ravage Automobile"},"image":{"@id":"https:\/\/ravageautomobile.com\/#\/schema\/logo\/image\/"},"sameAs":["https:\/\/www.facebook.com\/PilotesAutonomes?locale=fr_FR","https:\/\/www.instagram.com\/ravage_auto\/"]},{"@type":"Person","@id":"https:\/\/ravageautomobile.com\/#\/schema\/person\/7c3b878d675ad04aa75844e3e275e68e","name":"Ravage","image":{"@type":"ImageObject","inLanguage":"fr-FR","@id":"https:\/\/secure.gravatar.com\/avatar\/d280b496ce5002e9722c0d215edf75afba3c8e0da01de81d0b6700a36cb7e7f7?s=96&d=identicon&r=g","url":"https:\/\/secure.gravatar.com\/avatar\/d280b496ce5002e9722c0d215edf75afba3c8e0da01de81d0b6700a36cb7e7f7?s=96&d=identicon&r=g","contentUrl":"https:\/\/secure.gravatar.com\/avatar\/d280b496ce5002e9722c0d215edf75afba3c8e0da01de81d0b6700a36cb7e7f7?s=96&d=identicon&r=g","caption":"Ravage"},"description":"Pour pilotes autonomes","sameAs":["http:\/\/ravageautomobilecom.wordpress.com"],"url":"https:\/\/ravageautomobile.com\/fr\/author\/benoittallec\/"}]}},"jetpack_publicize_connections":[],"jetpack_featured_media_url":"https:\/\/ravageautomobile.com\/wp-content\/uploads\/2023\/02\/Trophes-Argus-2023-Prix-special-jury-1.jpg","jetpack_likes_enabled":true,"jetpack_sharing_enabled":true,"jetpack_shortlink":"https:\/\/wp.me\/parFnZ-27T","_links":{"self":[{"href":"https:\/\/ravageautomobile.com\/fr\/wp-json\/wp\/v2\/posts\/8177","targetHints":{"allow":["GET"]}}],"collection":[{"href":"https:\/\/ravageautomobile.com\/fr\/wp-json\/wp\/v2\/posts"}],"about":[{"href":"https:\/\/ravageautomobile.com\/fr\/wp-json\/wp\/v2\/types\/post"}],"author":[{"embeddable":true,"href":"https:\/\/ravageautomobile.com\/fr\/wp-json\/wp\/v2\/users\/147858229"}],"replies":[{"embeddable":true,"href":"https:\/\/ravageautomobile.com\/fr\/wp-json\/wp\/v2\/comments?post=8177"}],"version-history":[{"count":0,"href":"https:\/\/ravageautomobile.com\/fr\/wp-json\/wp\/v2\/posts\/8177\/revisions"}],"wp:featuredmedia":[{"embeddable":true,"href":"https:\/\/ravageautomobile.com\/fr\/wp-json\/wp\/v2\/media\/8187"}],"wp:attachment":[{"href":"https:\/\/ravageautomobile.com\/fr\/wp-json\/wp\/v2\/media?parent=8177"}],"wp:term":[{"taxonomy":"category","embeddable":true,"href":"https:\/\/ravageautomobile.com\/fr\/wp-json\/wp\/v2\/categories?post=8177"},{"taxonomy":"post_tag","embeddable":true,"href":"https:\/\/ravageautomobile.com\/fr\/wp-json\/wp\/v2\/tags?post=8177"}],"curies":[{"name":"wp","href":"https:\/\/api.w.org\/{rel}","templated":true}]}}